{"id":1130,"date":"2023-10-18T08:51:50","date_gmt":"2023-10-18T12:51:50","guid":{"rendered":"https:\/\/colegiogriquelme.cl\/inicio\/?p=1130"},"modified":"2023-10-18T08:57:31","modified_gmt":"2023-10-18T12:57:31","slug":"xii-concurso-inter-regional-de-bandas-escolares-copy","status":"publish","type":"post","link":"https:\/\/colegiogriquelme.cl\/inicio\/xii-concurso-inter-regional-de-bandas-escolares-copy\/","title":{"rendered":"Feria Cient\u00edfica Escolar 2023"},"content":{"rendered":"\t\t<div data-elementor-type=\"wp-post\" data-elementor-id=\"1130\" class=\"elementor elementor-1130\" data-elementor-post-type=\"post\">\n\t\t\t\t\t\t\t\t\t<section class=\"elementor-section elementor-top-section elementor-element elementor-element-2d5b26f elementor-section-full_width elementor-section-height-default elementor-section-height-default\" data-id=\"2d5b26f\" data-element_type=\"section\">\n\t\t\t\t\t\t<div class=\"elementor-container elementor-column-gap-extended\">\n\t\t\t\t\t<div class=\"elementor-column elementor-col-50 elementor-top-column elementor-element elementor-element-f29dcf8\" data-id=\"f29dcf8\" data-element_type=\"column\">\n\t\t\t<div class=\"elementor-widget-wrap elementor-element-populated\">\n\t\t\t\t\t\t\t\t<div class=\"elementor-element elementor-element-0db92ea elementor-widget elementor-widget-heading\" data-id=\"0db92ea\" data-element_type=\"widget\" data-widget_type=\"heading.default\">\n\t\t\t\t<div class=\"elementor-widget-container\">\n\t\t\t<style>\/*! elementor - v3.14.0 - 26-06-2023 *\/\n.elementor-heading-title{padding:0;margin:0;line-height:1}.elementor-widget-heading .elementor-heading-title[class*=elementor-size-]>a{color:inherit;font-size:inherit;line-height:inherit}.elementor-widget-heading .elementor-heading-title.elementor-size-small{font-size:15px}.elementor-widget-heading .elementor-heading-title.elementor-size-medium{font-size:19px}.elementor-widget-heading .elementor-heading-title.elementor-size-large{font-size:29px}.elementor-widget-heading .elementor-heading-title.elementor-size-xl{font-size:39px}.elementor-widget-heading .elementor-heading-title.elementor-size-xxl{font-size:59px}<\/style><h2 class=\"elementor-heading-title elementor-size-medium\">Feria Cient\u00edfica Escolar 2023<br><br>La Feria Cient\u00edfica es una instancia importante para toda comunidad educativa.\nOA: Fomentar la cultura ciudadana y cient\u00edfica, el esp\u00edritu cr\u00edtico y la curiosidad en ni\u00f1os,\nj\u00f3venes y adultos, docentes y la comunidad en general desarrollando habilidades de\ncomunicaci\u00f3n en los estudiantes a trav\u00e9s de la exposici\u00f3n de sus producciones\ncient\u00edficas, art\u00edsticas o tecnol\u00f3gicas.<br><\/h2>\t\t<\/div>\n\t\t\t\t<\/div>\n\t\t\t\t\t<\/div>\n\t\t<\/div>\n\t\t\t\t<div class=\"elementor-column elementor-col-50 elementor-top-column elementor-element elementor-element-07b8c8a\" data-id=\"07b8c8a\" data-element_type=\"column\">\n\t\t\t<div class=\"elementor-widget-wrap elementor-element-populated\">\n\t\t\t\t\t\t\t\t<div class=\"elementor-element elementor-element-3ea0ad6 elementor-widget elementor-widget-image\" data-id=\"3ea0ad6\" data-element_type=\"widget\" data-widget_type=\"image.default\">\n\t\t\t\t<div class=\"elementor-widget-container\">\n\t\t\t<style>\/*! elementor - v3.14.0 - 26-06-2023 *\/\n.elementor-widget-image{text-align:center}.elementor-widget-image a{display:inline-block}.elementor-widget-image a img[src$=\".svg\"]{width:48px}.elementor-widget-image img{vertical-align:middle;display:inline-block}<\/style>\t\t\t\t\t\t\t\t\t\t\t\t<img loading=\"lazy\" decoding=\"async\" width=\"800\" height=\"600\" src=\"https:\/\/colegiogriquelme.cl\/inicio\/wp-content\/uploads\/2023\/10\/WhatsApp-Image-2023-10-17-at-3.53.26-PM-1024x768.jpeg\" class=\"attachment-large size-large wp-image-1136\" alt=\"\" srcset=\"https:\/\/colegiogriquelme.cl\/inicio\/wp-content\/uploads\/2023\/10\/WhatsApp-Image-2023-10-17-at-3.53.26-PM-1024x768.jpeg 1024w, https:\/\/colegiogriquelme.cl\/inicio\/wp-content\/uploads\/2023\/10\/WhatsApp-Image-2023-10-17-at-3.53.26-PM-300x225.jpeg 300w, https:\/\/colegiogriquelme.cl\/inicio\/wp-content\/uploads\/2023\/10\/WhatsApp-Image-2023-10-17-at-3.53.26-PM-768x576.jpeg 768w, https:\/\/colegiogriquelme.cl\/inicio\/wp-content\/uploads\/2023\/10\/WhatsApp-Image-2023-10-17-at-3.53.26-PM-1536x1152.jpeg 1536w, https:\/\/colegiogriquelme.cl\/inicio\/wp-content\/uploads\/2023\/10\/WhatsApp-Image-2023-10-17-at-3.53.26-PM.jpeg 1600w\" sizes=\"auto, (max-width: 800px) 100vw, 800px\" title=\"\">\t\t\t\t\t\t\t\t\t\t\t\t\t\t\t<\/div>\n\t\t\t\t<\/div>\n\t\t\t\t\t<\/div>\n\t\t<\/div>\n\t\t\t\t\t\t\t<\/div>\n\t\t<\/section>\n\t\t\t\t<section class=\"elementor-section elementor-top-section elementor-element elementor-element-e6223b4 elementor-section-boxed elementor-section-height-default elementor-section-height-default\" data-id=\"e6223b4\" data-element_type=\"section\">\n\t\t\t\t\t\t<div class=\"elementor-container elementor-column-gap-default\">\n\t\t\t\t\t<div class=\"elementor-column elementor-col-50 elementor-top-column elementor-element elementor-element-a92fc43\" data-id=\"a92fc43\" data-element_type=\"column\">\n\t\t\t<div class=\"elementor-widget-wrap elementor-element-populated\">\n\t\t\t\t\t\t\t\t<div class=\"elementor-element elementor-element-d81b78f elementor-widget elementor-widget-image\" data-id=\"d81b78f\" data-element_type=\"widget\" data-widget_type=\"image.default\">\n\t\t\t\t<div class=\"elementor-widget-container\">\n\t\t\t\t\t\t\t\t\t\t\t\t\t\t\t<img loading=\"lazy\" decoding=\"async\" width=\"800\" height=\"600\" src=\"https:\/\/colegiogriquelme.cl\/inicio\/wp-content\/uploads\/2023\/10\/WhatsApp-Image-2023-10-17-at-3.54.17-PM-1024x768.jpeg\" class=\"attachment-large size-large wp-image-1138\" alt=\"\" srcset=\"https:\/\/colegiogriquelme.cl\/inicio\/wp-content\/uploads\/2023\/10\/WhatsApp-Image-2023-10-17-at-3.54.17-PM-1024x768.jpeg 1024w, https:\/\/colegiogriquelme.cl\/inicio\/wp-content\/uploads\/2023\/10\/WhatsApp-Image-2023-10-17-at-3.54.17-PM-300x225.jpeg 300w, https:\/\/colegiogriquelme.cl\/inicio\/wp-content\/uploads\/2023\/10\/WhatsApp-Image-2023-10-17-at-3.54.17-PM-768x576.jpeg 768w, https:\/\/colegiogriquelme.cl\/inicio\/wp-content\/uploads\/2023\/10\/WhatsApp-Image-2023-10-17-at-3.54.17-PM-1536x1152.jpeg 1536w, https:\/\/colegiogriquelme.cl\/inicio\/wp-content\/uploads\/2023\/10\/WhatsApp-Image-2023-10-17-at-3.54.17-PM.jpeg 1600w\" sizes=\"auto, (max-width: 800px) 100vw, 800px\" title=\"\">\t\t\t\t\t\t\t\t\t\t\t\t\t\t\t<\/div>\n\t\t\t\t<\/div>\n\t\t\t\t\t<\/div>\n\t\t<\/div>\n\t\t\t\t<div class=\"elementor-column elementor-col-50 elementor-top-column elementor-element elementor-element-9a2c9f8\" data-id=\"9a2c9f8\" data-element_type=\"column\">\n\t\t\t<div class=\"elementor-widget-wrap elementor-element-populated\">\n\t\t\t\t\t\t\t\t<div class=\"elementor-element elementor-element-3edd49a elementor-widget elementor-widget-image\" data-id=\"3edd49a\" data-element_type=\"widget\" data-widget_type=\"image.default\">\n\t\t\t\t<div class=\"elementor-widget-container\">\n\t\t\t\t\t\t\t\t\t\t\t\t\t\t\t<img loading=\"lazy\" decoding=\"async\" width=\"800\" height=\"600\" src=\"https:\/\/colegiogriquelme.cl\/inicio\/wp-content\/uploads\/2023\/10\/WhatsApp-Image-2023-10-17-at-3.57.36-PM-1024x768.jpeg\" class=\"attachment-large size-large wp-image-1137\" alt=\"\" srcset=\"https:\/\/colegiogriquelme.cl\/inicio\/wp-content\/uploads\/2023\/10\/WhatsApp-Image-2023-10-17-at-3.57.36-PM-1024x768.jpeg 1024w, https:\/\/colegiogriquelme.cl\/inicio\/wp-content\/uploads\/2023\/10\/WhatsApp-Image-2023-10-17-at-3.57.36-PM-300x225.jpeg 300w, https:\/\/colegiogriquelme.cl\/inicio\/wp-content\/uploads\/2023\/10\/WhatsApp-Image-2023-10-17-at-3.57.36-PM-768x576.jpeg 768w, https:\/\/colegiogriquelme.cl\/inicio\/wp-content\/uploads\/2023\/10\/WhatsApp-Image-2023-10-17-at-3.57.36-PM-1536x1152.jpeg 1536w, https:\/\/colegiogriquelme.cl\/inicio\/wp-content\/uploads\/2023\/10\/WhatsApp-Image-2023-10-17-at-3.57.36-PM.jpeg 1600w\" sizes=\"auto, (max-width: 800px) 100vw, 800px\" title=\"\">\t\t\t\t\t\t\t\t\t\t\t\t\t\t\t<\/div>\n\t\t\t\t<\/div>\n\t\t\t\t\t<\/div>\n\t\t<\/div>\n\t\t\t\t\t\t\t<\/div>\n\t\t<\/section>\n\t\t\t\t\t\t\t<\/div>\n\t\t","protected":false},"excerpt":{"rendered":"<p>La Feria Cient\u00edfica es una instancia importante para toda comunidad educativa.<br \/>\nOA: Fomentar la cultura ciudadana y cient\u00edfica, el esp\u00edritu cr\u00edtico y la curiosidad en ni\u00f1os,<br \/>\nj\u00f3venes y adultos, docentes y la comunidad en general desarrollando habilidades de<br \/>\ncomunicaci\u00f3n en los estudiantes a trav\u00e9s de la exposici\u00f3n de sus producciones<br \/>\ncient\u00edficas, art\u00edsticas o tecnol\u00f3gicas.<\/p>\n","protected":false},"author":3,"featured_media":1132,"comment_status":"closed","ping_status":"closed","sticky":false,"template":"","format":"standard","meta":{"footnotes":""},"categories":[15],"tags":[8],"class_list":["post-1130","post","type-post","status-publish","format-standard","has-post-thumbnail","hentry","category-noticias","tag-estudiantes"],"_links":{"self":[{"href":"https:\/\/colegiogriquelme.cl\/inicio\/wp-json\/wp\/v2\/posts\/1130","targetHints":{"allow":["GET"]}}],"collection":[{"href":"https:\/\/colegiogriquelme.cl\/inicio\/wp-json\/wp\/v2\/posts"}],"about":[{"href":"https:\/\/colegiogriquelme.cl\/inicio\/wp-json\/wp\/v2\/types\/post"}],"author":[{"embeddable":true,"href":"https:\/\/colegiogriquelme.cl\/inicio\/wp-json\/wp\/v2\/users\/3"}],"replies":[{"embeddable":true,"href":"https:\/\/colegiogriquelme.cl\/inicio\/wp-json\/wp\/v2\/comments?post=1130"}],"version-history":[{"count":7,"href":"https:\/\/colegiogriquelme.cl\/inicio\/wp-json\/wp\/v2\/posts\/1130\/revisions"}],"predecessor-version":[{"id":1142,"href":"https:\/\/colegiogriquelme.cl\/inicio\/wp-json\/wp\/v2\/posts\/1130\/revisions\/1142"}],"wp:featuredmedia":[{"embeddable":true,"href":"https:\/\/colegiogriquelme.cl\/inicio\/wp-json\/wp\/v2\/media\/1132"}],"wp:attachment":[{"href":"https:\/\/colegiogriquelme.cl\/inicio\/wp-json\/wp\/v2\/media?parent=1130"}],"wp:term":[{"taxonomy":"category","embeddable":true,"href":"https:\/\/colegiogriquelme.cl\/inicio\/wp-json\/wp\/v2\/categories?post=1130"},{"taxonomy":"post_tag","embeddable":true,"href":"https:\/\/colegiogriquelme.cl\/inicio\/wp-json\/wp\/v2\/tags?post=1130"}],"curies":[{"name":"wp","href":"https:\/\/api.w.org\/{rel}","templated":true}]}}